{"id":994,"date":"2022-09-29T04:45:36","date_gmt":"2022-09-29T04:45:36","guid":{"rendered":"http:\/\/revistalaneta.com.mx\/?p=994"},"modified":"2022-09-29T04:46:15","modified_gmt":"2022-09-29T04:46:15","slug":"gano-americo","status":"publish","type":"post","link":"http:\/\/revistalaneta.com.mx\/?p=994","title":{"rendered":"\u00a1GAN\u00d3 AM\u00c9RICO!"},"content":{"rendered":"\n<p><\/p>\n\n\n\n<p>-Sala Superior v\u00e1lida elecci\u00f3n<\/p>\n\n\n\n<p>-Por unanimidad de votos<\/p>\n\n\n\n<p>-Triunfo la raz\u00f3n y la&nbsp; justicia<\/p>\n\n\n\n<p>-Derrota &nbsp;por cuarta vez al PAN<\/p>\n\n\n\n<p>-De que se van, se van<\/p>\n\n\n\n<p>-Ya no hay otra instancia ante la cual quejarse<\/p>\n\n\n\n<p>-Alejandro P\u00e1ez tiene impugnada elecci\u00f3n del PAN<\/p>\n\n\n\n<p>Tiempo de opinar<\/p>\n\n\n\n<p>Ra\u00fal Hern\u00e1ndez Moreno<\/p>\n\n\n\n<p>Justo a las 18.12 horas, cuatro de los siete magistrados de la Sala Superior del Tribunal Electoral del Poder Judicial de la Federaci\u00f3n que participaron &nbsp;en la sesi\u00f3n extraordinaria que inici\u00f3 a las 17.00 horas,&nbsp; adelantaron que &nbsp;votar\u00edan &nbsp;a favor de validar la elecci\u00f3n de Am\u00e9rico Villarreal.<\/p>\n\n\n\n<p>Y 36 minutos m\u00e1s&nbsp; tarde, con la participaci\u00f3n del Presidente de la Sala Superior, Reyes Rodr\u00edguez Mondrag\u00f3n, se confirmo que los siete magistrados estaban a favor de validar la elecci\u00f3n de Am\u00e9rico Villarreal.<\/p>\n\n\n\n<p>Es &nbsp;su victoria n\u00famero cuatro, pues le gan\u00f3 al PAN en las urnas, luego ante el Tribunal Electoral de Tamaulipas, la Sala Regional del Poder Electoral de la Federaci\u00f3n&nbsp; y ahora en la Sala Superior.<\/p>\n\n\n\n<p>Se acab\u00f3 el mito, alimentado por el gobernador Francisco Garc\u00eda Cabeza de Vaca, de que la elecci\u00f3n se anular\u00eda, mediante la compra&nbsp; de los magistrados, como lo asegur\u00f3 el s\u00e1bado 24 C\u00e9sar Ver\u00e1stegui Aranda, hijo del candidato del PAN, que lleva el mismo nombre.<\/p>\n\n\n\n<p>De que se van, se van.<\/p>\n\n\n\n<p>Ahora habr\u00e1 que esperar y ver &nbsp;que hacen el PAN y el gobernador Francisco Garc\u00eda Cabeza de Vaca. \u00bfSe van a declarar en rebeld\u00eda?<\/p>\n\n\n\n<p>Los &nbsp;siete magistrados son Jos\u00e9 Luis Vargas Valdez, Felipe Alfredo Fuentes Barrera, Janine Otalora Malassis y M\u00f3nica Aral\u00ed Soto Fragoso, Indalfer Infante Gonz\u00e1lez, Felipe de la Mata Piza\u00f1a y Reyes Rodr\u00edguez Mondrag\u00f3n<\/p>\n\n\n\n<p>Con&nbsp; diversos argumentos los magistrados dijeron que la elecci\u00f3n es v\u00e1lida porque el partido quejoso, el PAN, no demostr\u00f3 las causas por las cuales debe anularse la elecci\u00f3n.<\/p>\n\n\n\n<p>Esta Sala tiene que basarse en argumentos y pruebas al tomar sus decisiones,&nbsp; destac\u00f3 Janine Otalora Malassis.<\/p>\n\n\n\n<p>Y en el caso de la aseveraci\u00f3n de &nbsp;que hubo intervenci\u00f3n del crimen organizado, se\u00f1alaron que el actor present\u00f3&nbsp; notas period\u00edsticas y videos, sobre los supuestos nexos del candidato de&nbsp; Morena, pero no demuestran nada.<\/p>\n\n\n\n<p>M\u00f3nica Aral\u00ed Soto se\u00f1al\u00f3 que la alcaldesa de D\u00edaz Ordaz, Nataly Garc\u00eda act\u00fao mal al participar en un mitin pol\u00edtico en el mes de abril en el que abiertamente pidi\u00f3 el apoyo para Am\u00e9rico Villarreal. La misma opini\u00f3n extern\u00f3 Indalfer Infante.<\/p>\n\n\n\n<p>Adem\u00e1s, dijo que carece de validez el argumento de que Am\u00e9rico no puede tomar protesta como gobernador por haber regresado al Senado es falso, porque la ley habla de que debe separarse &nbsp;120 d\u00edas antes de la elecci\u00f3n, pero despu\u00e9s de la jornada electoral est\u00e1 en su derecho de regresar.<\/p>\n\n\n\n<p>El magistrado Indalfer Infante Gonz\u00e1lez destac\u00f3 que Am\u00e9rico gan\u00f3 con 730, 854 votos, contra 642,433 del PAN, para una diferencia de 88,431. Adem\u00e1s resalt\u00f3 que hubo una&nbsp; votaci\u00f3n de m\u00e1s de un mill\u00f3n 400 mil, con una participaci\u00f3n del m\u00e1s del 53 por ciento.<\/p>\n\n\n\n<p>Adem\u00e1s, destac\u00f3 que Morena&nbsp; gan\u00f3 en 16 distritos y el PAN en 6.<\/p>\n\n\n\n<p>En otro tema,&nbsp; las elecciones internas para elegir la nueva directiva del Comit\u00e9 Municipal del PAN, est\u00e1n previstas para este domingo 2 de octubre.<\/p>\n\n\n\n<p>Sin embargo, el aspirante Alejandro P\u00e1ez Miranda present\u00f3 ante el Tribunal Electoral de Tamaulipas un recurso de defensa de los derechos pol\u00edtico-electorales del ciudadano, que fue aceptado y tiene que resolverse antes de&nbsp; la elecci\u00f3n.<\/p>\n\n\n\n<p>A P\u00e1ez la Comisi\u00f3n Organizadora del Proceso del Partido Acci\u00f3n Nacional no se le acepto su registro, a pesar de haberlo presentado en tiempo y forma y solo se admiti\u00f3 el registro de la planilla que encabeza Agust\u00edn Chapa Torres.<\/p>\n\n\n\n<p>\u00bfPor qu\u00e9 tanto miedo de que participe? \u00bfQu\u00e9 no el PAN se pavonea de ser un partido democr\u00e1tico?<\/p>\n\n\n\n<p>Lo correcto ser\u00eda permitirle participar y que sea la militancia la que son su voto decida qui\u00e9n debe dirigirlos.<\/p>\n\n\n\n<p>Esta por dem\u00e1s decir, que a Agust\u00edn Chapa e Ileana Medina, los respalda la nomencklatura, desde&nbsp; Luis Ren\u00e9 Cant\u00fa, Imelda Sanmiguel, F\u00e9lix Garc\u00eda, Enrique Rivas, y muchos m\u00e1s. Tienen el poder del dinero y en apariencia la tienen f\u00e1cil, as\u00ed que insistimos: \u00bfPor qu\u00e9 le temen a Alejandro P\u00e1ez?<\/p>\n\n\n\n<p>Si le permitieran el registro y lo vencieran en buena lid, dar\u00edan la imagen de un partido abierto, plural, incluyente, democr\u00e1tico y vaya que todo eso les hace falta.<\/p>\n","protected":false},"excerpt":{"rendered":"<p>-Sala Superior v\u00e1lida elecci\u00f3n -Por unanimidad de votos -Triunfo la raz\u00f3n y la&nbsp; justicia -Derrota &nbsp;por cuarta vez al PAN -De que se van, se van -Ya no hay otra &hellip; <a href=\"http:\/\/revistalaneta.com.mx\/?p=994\" class=\"more-link\">Leer m\u00e1s<\/a><\/p>\n","protected":false},"author":1,"featured_media":993,"comment_status":"open","ping_status":"open","sticky":false,"template":"","format":"standard","meta":{"footnotes":""},"categories":[2,3],"tags":[],"class_list":["post-994","post","type-post","status-publish","format-standard","has-post-thumbnail","hentry","category-chismorreo","category-opinion","entry"],"_links":{"self":[{"href":"http:\/\/revistalaneta.com.mx\/index.php?rest_route=\/wp\/v2\/posts\/994","targetHints":{"allow":["GET"]}}],"collection":[{"href":"http:\/\/revistalaneta.com.mx\/index.php?rest_route=\/wp\/v2\/posts"}],"about":[{"href":"http:\/\/revistalaneta.com.mx\/index.php?rest_route=\/wp\/v2\/types\/post"}],"author":[{"embeddable":true,"href":"http:\/\/revistalaneta.com.mx\/index.php?rest_route=\/wp\/v2\/users\/1"}],"replies":[{"embeddable":true,"href":"http:\/\/revistalaneta.com.mx\/index.php?rest_route=%2Fwp%2Fv2%2Fcomments&post=994"}],"version-history":[{"count":1,"href":"http:\/\/revistalaneta.com.mx\/index.php?rest_route=\/wp\/v2\/posts\/994\/revisions"}],"predecessor-version":[{"id":995,"href":"http:\/\/revistalaneta.com.mx\/index.php?rest_route=\/wp\/v2\/posts\/994\/revisions\/995"}],"wp:featuredmedia":[{"embeddable":true,"href":"http:\/\/revistalaneta.com.mx\/index.php?rest_route=\/wp\/v2\/media\/993"}],"wp:attachment":[{"href":"http:\/\/revistalaneta.com.mx\/index.php?rest_route=%2Fwp%2Fv2%2Fmedia&parent=994"}],"wp:term":[{"taxonomy":"category","embeddable":true,"href":"http:\/\/revistalaneta.com.mx\/index.php?rest_route=%2Fwp%2Fv2%2Fcategories&post=994"},{"taxonomy":"post_tag","embeddable":true,"href":"http:\/\/revistalaneta.com.mx\/index.php?rest_route=%2Fwp%2Fv2%2Ftags&post=994"}],"curies":[{"name":"wp","href":"https:\/\/api.w.org\/{rel}","templated":true}]}}