{"id":997,"date":"2022-09-29T04:47:15","date_gmt":"2022-09-29T04:47:15","guid":{"rendered":"http:\/\/revistalaneta.com.mx\/?p=997"},"modified":"2022-09-29T04:47:36","modified_gmt":"2022-09-29T04:47:36","slug":"ratifica-tepjf-el-triunfo-de-americo","status":"publish","type":"post","link":"http:\/\/revistalaneta.com.mx\/?p=997","title":{"rendered":"RATIFICA TEPJF EL TRIUNFO DE AM\u00c9RICO!"},"content":{"rendered":"\n<p>Con el voto un\u00e1nime de los magistrados del Tribunal Electoral del Poder Judicial de la Federaci\u00f3n (TEPJF), fue ratificada por dicho organismo la validez de la elecci\u00f3n por la gubernatura del estado de Tamaulipas que da como ganador al doctor Am\u00e9rico Villarreal Anaya, y quien por lo tanto este pr\u00f3ximo s\u00e1bado 1 de octubre habr\u00e1 de estar tomando protesta como nuevo mandatario estatal. En una sesi\u00f3n especial celebrada la tarde de este mi\u00e9rcoles, los jueces del TEPJF consideraron que no hab\u00eda fundamentos para anular la elecci\u00f3n, tal y como lo estaba solicitando el Partido Acci\u00f3n Nacional (PAN) en su impugnaci\u00f3n, y por lo tanto avalaron el resolutivo presentado por el Magistrado Jos\u00e9 Luis Vargas Valdez, y mediante el cual se ratific\u00f3 el c\u00f3mputo estatal, la declaratoria de validez de la elecci\u00f3n, y a la vez la entrega de la constancia de mayor\u00eda y por ende la elegibilidad de Am\u00e9rico Villareal Anaya, dando fin as\u00ed a la telenovela electoral. Y bueno pues obviamente ahora lo que viene es acelerar el proceso de toma de protesta de Am\u00e9rico Villarreal Anaya, que si bien es cierto ya se estaba realizando, hab\u00eda zozobra por ver el resultado del TEPJF, pero tras el fallo a favor ya se da un respiro, y ahora s\u00ed ya, sin presiones, se realizar\u00e1 el s\u00e1bado la referida unci\u00f3n.<\/p>\n\n\n\n<p>PIDEN LICENCIA DOS DIPUTADOS FEDERALES<br \/>No solo la diputada federal morenista Adriana Lozano Rodr\u00edguez solicit\u00f3 licencia para separarse de su cargo, esto dado a que habr\u00e1 de asumir el cargo como Secretaria de Finanzas, sino tambi\u00e9n el diputado federal Tom\u00e1s Gloria Requena, de quien se dice se sumar\u00eda al equipo de Am\u00e9rico Villarreal Anaya, aunque hasta este mi\u00e9rcoles por la tarde no se sab\u00eda en qu\u00e9 posici\u00f3n, pero se espera se d\u00e9 a conocer en breve. En sus lugares entran Elva Agustina Vigil Hern\u00e1ndez y Juan Gonz\u00e1lez Lima, quienes son los respectivos suplentes, y que pr\u00e1cticamente se sacan la loter\u00eda, sin comprar boleto.<\/p>\n\n\n\n<p>LA ASAMBLEA DEL PAN<br \/>Para este domingo 2 de octubre est\u00e1 programada la celebraci\u00f3n de la asamblea municipal del Partido Acci\u00f3n Nacional (PAN) de Nuevo Laredo, en la cual se habr\u00e1 de votar por la designaci\u00f3n de la nueva directiva del comit\u00e9 municipal de dicho instituto pol\u00edtico. El evento est\u00e1 programado a iniciar a las 10 de la ma\u00f1ana con el registro de participantes, pero ser\u00e1 hasta las 11 cuando arranque la reuni\u00f3n en forma. En este sentido cabe apuntar que solo est\u00e1 avalada una planilla, siendo esta la que dirige Agust\u00edn Chapa Torres como presidente, y donde van incluidos Iliana Medina Garc\u00eda, Alma Rosa Casta\u00f1o Rodr\u00edguez, Soraya Contreras, Samuel Lozano Molina y Santiago S\u00e1enz C\u00e1rdenas, esto dado a que no se aval\u00f3 la planilla que encabezaba Alejandro P\u00e1ez Miranda. Para esta elecci\u00f3n podr\u00e1n votar todos los miembros del PAN, previo registro.<\/p>\n\n\n\n<p>IMPUGNADO EL PROCESO AZUL<br \/>Ahora bien, Alejandro P\u00e1ez Miranda ha hecho saber que ha presentado un recurso de impugnaci\u00f3n ante el Tribunal Electoral de Tamaulipas (TRIELTAM) en contra de la Comisi\u00f3n Organizadora del proceso del Partido Acci\u00f3n Nacional en Tamaulipas, tras declarar este \u00f3rgano la improcedencia del registro de su planilla, y en la cual se inclu\u00eda a Elia Roc\u00edo Flores Carrizales, H\u00e9ctor Nathan Olivares Castillo, Perla Niria Mendoza Dur\u00e1n, Edgar Herrera Cruz y Patricia Ferrara Theriot. Cabe apuntar que esta impugnaci\u00f3n no impedir\u00e1 que la asamblea programada para este pr\u00f3ximo domingo se lleve a efecto, pero en caso de que el TRIELTAM falle a favor de P\u00e1ez Miranda, se tendr\u00e1 que realizar un nuevo proceso, en el cual se le incluya como candidato, y por ende quedar\u00e1 cancelado el resultado de la votaci\u00f3n celebrada.<\/p>\n\n\n\n<p>ENTREGA CARMEN LILIA MOCHILAS, UNIFORMES Y \u00daTILES ESCOLARES<br \/>Con la entrega de 74 mil mochilas y uniformes, y 964 mil \u00fatiles escolares, para alumnos de educaci\u00f3n b\u00e1sica de Nuevo Laredo, la Presidenta Municipal, Carmen Lilia Canturosas Villarreal, reform\u00f3 su compromiso con la educaci\u00f3n. Fue en la escuela primaria \u201cPedro Jos\u00e9 M\u00e9ndez\u201d, de la colonia Nueva Era, donde la alcaldesa, acompa\u00f1ada de miembros del Cabildo, llev\u00f3 a cabo la primera entrega del material escolar, que representa un gran ahorro en la econom\u00eda de los padres de familia, y que poco a poco llegar\u00e1 a 280 escuelas p\u00fablicas de la localidad, entre jardines de ni\u00f1os, primarias y secundarias. Este material se suma a otros apoyos en materia educativa otorgados por la administraci\u00f3n de Carmen Lilia, tales como el transporte escolar a 1,318 alumnos de educaci\u00f3n b\u00e1sica y media superior de 22 escuelas, as\u00ed como la beca municipal Nueva Era a 12 mil 631 estudiantes en el ciclo escolar anterior, y donde ya se trabaja en la renovaci\u00f3n de dichas becas para este nuevo per\u00edodo educativo.<\/p>\n\n\n\n<p>DEMASIADOS MOSCOS Y MOSCAS<br \/>Ya es desesperante la proliferaci\u00f3n de zancudos, moscas y otros insectos que hay en la ciudad, como consecuencia de la falta de fumigaci\u00f3n por parte de las autoridades, en este caso las estatales, que son las encargadas de tal tarea. Y con eso de que el GobTam ya va de salida, pues de plano les vale cumplir con la ciudadan\u00eda, por lo que tenemos que esperar a que llegue el nuevo gobierno, aunque lo malo es que de aqu\u00ed a que se acomoden las nuevas autoridades, tambi\u00e9n se va a llevar tiempo, y por mientras y por lo tanto ah\u00ed andamos todos enronchados, con tanta picadura de zancudos, y con riesgo de padecer dengue, zika y chikingunya, y todo porque las autoridades estatales nunca jalaron, y peor a\u00fan, nunca se coordinaron con las autoridades municipales para sacar adelante dicho trabajo. Y como siempre, el pueblo es el jodido.<\/p>\n\n\n\n<p>AMLO DEBE INTERVENIR EN LA SELECCI\u00d3N DE F\u00daTBOL<br \/>Estar\u00eda bueno que el Presidente Andr\u00e9s Manuel L\u00f3pez Obrador, que en todo se mete, se metiera en el asunto de la Selecci\u00f3n Nacional de F\u00fatbol para poner orden en la misma, a fin de cuentas es un tema de inter\u00e9s nacional, pues lamentablemente para verg\u00fcenzas no ganamos los mexicanos con ese equipo mediocre. El Presidente deber\u00eda de exigir a los directivos de la Selecci\u00f3n Mexicana mejores resultados, y sobre todo que se deje de haber favoritismos hacia jugadores que la verdad ya nada tienen que hacer en el representativo nacional, y mejor dar cabida a nuevas caras y sobre nuevos valores. El d\u00eda que L\u00f3pez Obrador haga eso, la neta que lo voy adorar.<\/p>\n\n\n\n<p>LO \u00daLTIMO<br \/>Muchas felicidades a todos los que llevan por nombre Miguel, Gabriel y Rafael ya que este jueves es d\u00eda de su Santo, al celebrarse el D\u00eda de los Arc\u00e1ngeles\u2026 Falleci\u00f3 el compa\u00f1ero comunicador Mario Mosqueda Reyes, quien por muchos a\u00f1os fuera fot\u00f3grafo de la nota roja. \u00a1Descanse en paz el famoso Mosqueda!\u2026 Un total de 396 alumnos de la Universidad Tecnol\u00f3gica de Nuevo Laredo (UTNL) graduaron de la carrera de Licenciatura en Dise\u00f1o y Gesti\u00f3n de Redes Log\u00edsticas, as\u00ed como de T\u00e9cnico Superior Universitario en seis diferentes modalidades. \u00a1Enhorabuena para todos ellos!\u2026 Finalmente se fueron las mariposillas que andaban revoloteando por toda la ciudad. Solo quedaron las que andan por el mercado Maclovio Herrera, pero esas son otro tipo de \u201cmariposillas\u201d jejejeje.<\/p>\n","protected":false},"excerpt":{"rendered":"<p>Con el voto un\u00e1nime de los magistrados del Tribunal Electoral del Poder Judicial de la Federaci\u00f3n (TEPJF), fue ratificada por dicho organismo la validez de la elecci\u00f3n por la gubernatura &hellip; <a href=\"http:\/\/revistalaneta.com.mx\/?p=997\" class=\"more-link\">Leer m\u00e1s<\/a><\/p>\n","protected":false},"author":1,"featured_media":996,"comment_status":"open","ping_status":"open","sticky":false,"template":"","format":"standard","meta":{"footnotes":""},"categories":[2,3],"tags":[],"class_list":["post-997","post","type-post","status-publish","format-standard","has-post-thumbnail","hentry","category-chismorreo","category-opinion","entry"],"_links":{"self":[{"href":"http:\/\/revistalaneta.com.mx\/index.php?rest_route=\/wp\/v2\/posts\/997","targetHints":{"allow":["GET"]}}],"collection":[{"href":"http:\/\/revistalaneta.com.mx\/index.php?rest_route=\/wp\/v2\/posts"}],"about":[{"href":"http:\/\/revistalaneta.com.mx\/index.php?rest_route=\/wp\/v2\/types\/post"}],"author":[{"embeddable":true,"href":"http:\/\/revistalaneta.com.mx\/index.php?rest_route=\/wp\/v2\/users\/1"}],"replies":[{"embeddable":true,"href":"http:\/\/revistalaneta.com.mx\/index.php?rest_route=%2Fwp%2Fv2%2Fcomments&post=997"}],"version-history":[{"count":1,"href":"http:\/\/revistalaneta.com.mx\/index.php?rest_route=\/wp\/v2\/posts\/997\/revisions"}],"predecessor-version":[{"id":998,"href":"http:\/\/revistalaneta.com.mx\/index.php?rest_route=\/wp\/v2\/posts\/997\/revisions\/998"}],"wp:featuredmedia":[{"embeddable":true,"href":"http:\/\/revistalaneta.com.mx\/index.php?rest_route=\/wp\/v2\/media\/996"}],"wp:attachment":[{"href":"http:\/\/revistalaneta.com.mx\/index.php?rest_route=%2Fwp%2Fv2%2Fmedia&parent=997"}],"wp:term":[{"taxonomy":"category","embeddable":true,"href":"http:\/\/revistalaneta.com.mx\/index.php?rest_route=%2Fwp%2Fv2%2Fcategories&post=997"},{"taxonomy":"post_tag","embeddable":true,"href":"http:\/\/revistalaneta.com.mx\/index.php?rest_route=%2Fwp%2Fv2%2Ftags&post=997"}],"curies":[{"name":"wp","href":"https:\/\/api.w.org\/{rel}","templated":true}]}}